{"id":707,"date":"2025-03-01T21:33:46","date_gmt":"2025-03-01T20:33:46","guid":{"rendered":"http:\/\/www.yoga-nature.fr\/?p=707"},"modified":"2025-03-01T21:33:48","modified_gmt":"2025-03-01T20:33:48","slug":"sejours-en-inde","status":"publish","type":"post","link":"https:\/\/www.yoga-nature.fr\/index.php\/2025\/03\/01\/sejours-en-inde\/","title":{"rendered":"s\u00e9jours en Inde"},"content":{"rendered":"\n<p>La kumbh mela de f\u00e9vrier 2025<\/p>\n\n\n\n<figure class=\"wp-block-image size-large\"><img loading=\"lazy\" decoding=\"async\" width=\"1024\" height=\"768\" src=\"https:\/\/www.yoga-nature.fr\/wp-content\/uploads\/2025\/03\/PHOTO-2025-02-02-17-34-38-2-1024x768.jpg\" alt=\"\" class=\"wp-image-708\" srcset=\"https:\/\/www.yoga-nature.fr\/wp-content\/uploads\/2025\/03\/PHOTO-2025-02-02-17-34-38-2-1024x768.jpg 1024w, https:\/\/www.yoga-nature.fr\/wp-content\/uploads\/2025\/03\/PHOTO-2025-02-02-17-34-38-2-300x225.jpg 300w, https:\/\/www.yoga-nature.fr\/wp-content\/uploads\/2025\/03\/PHOTO-2025-02-02-17-34-38-2-768x576.jpg 768w, https:\/\/www.yoga-nature.fr\/wp-content\/uploads\/2025\/03\/PHOTO-2025-02-02-17-34-38-2-1536x1152.jpg 1536w, https:\/\/www.yoga-nature.fr\/wp-content\/uploads\/2025\/03\/PHOTO-2025-02-02-17-34-38-2-2048x1536.jpg 2048w\" sizes=\"auto, (max-width: 1024px) 100vw, 1024px\" \/><figcaption class=\"wp-element-caption\"> Le 1 f\u00e9vrier 25 pour saluer notre arriv\u00e9e \u00e0 Prayagraj <\/figcaption><\/figure>\n\n\n\n<figure class=\"wp-block-image size-full\"><img loading=\"lazy\" decoding=\"async\" width=\"640\" height=\"480\" src=\"https:\/\/www.yoga-nature.fr\/wp-content\/uploads\/2025\/03\/IMG_0760-2.jpg\" alt=\"\" class=\"wp-image-709\" srcset=\"https:\/\/www.yoga-nature.fr\/wp-content\/uploads\/2025\/03\/IMG_0760-2.jpg 640w, https:\/\/www.yoga-nature.fr\/wp-content\/uploads\/2025\/03\/IMG_0760-2-300x225.jpg 300w\" sizes=\"auto, (max-width: 640px) 100vw, 640px\" \/><figcaption class=\"wp-element-caption\">Bain dans le Gange<\/figcaption><\/figure>\n\n\n\n<figure class=\"wp-block-image size-large\"><img loading=\"lazy\" decoding=\"async\" width=\"768\" height=\"1024\" src=\"https:\/\/www.yoga-nature.fr\/wp-content\/uploads\/2025\/03\/IMG_0312-2-768x1024.jpeg\" alt=\"\" class=\"wp-image-710\" srcset=\"https:\/\/www.yoga-nature.fr\/wp-content\/uploads\/2025\/03\/IMG_0312-2-768x1024.jpeg 768w, https:\/\/www.yoga-nature.fr\/wp-content\/uploads\/2025\/03\/IMG_0312-2-225x300.jpeg 225w, https:\/\/www.yoga-nature.fr\/wp-content\/uploads\/2025\/03\/IMG_0312-2-1152x1536.jpeg 1152w, https:\/\/www.yoga-nature.fr\/wp-content\/uploads\/2025\/03\/IMG_0312-2-1536x2048.jpeg 1536w, https:\/\/www.yoga-nature.fr\/wp-content\/uploads\/2025\/03\/IMG_0312-2-scaled.jpeg 1920w\" sizes=\"auto, (max-width: 768px) 100vw, 768px\" \/><\/figure>\n\n\n\n<figure class=\"wp-block-image size-large\"><img loading=\"lazy\" decoding=\"async\" width=\"768\" height=\"1024\" src=\"https:\/\/www.yoga-nature.fr\/wp-content\/uploads\/2025\/03\/PHOTO-2025-02-06-00-06-28-1-768x1024.jpg\" alt=\"\" class=\"wp-image-711\" srcset=\"https:\/\/www.yoga-nature.fr\/wp-content\/uploads\/2025\/03\/PHOTO-2025-02-06-00-06-28-1-768x1024.jpg 768w, https:\/\/www.yoga-nature.fr\/wp-content\/uploads\/2025\/03\/PHOTO-2025-02-06-00-06-28-1-225x300.jpg 225w, https:\/\/www.yoga-nature.fr\/wp-content\/uploads\/2025\/03\/PHOTO-2025-02-06-00-06-28-1-1152x1536.jpg 1152w, https:\/\/www.yoga-nature.fr\/wp-content\/uploads\/2025\/03\/PHOTO-2025-02-06-00-06-28-1.jpg 1200w\" sizes=\"auto, (max-width: 768px) 100vw, 768px\" \/><figcaption class=\"wp-element-caption\">Varanasi, quelques lumi\u00e8res <\/figcaption><\/figure>\n\n\n\n<figure class=\"wp-block-image size-large\"><img loading=\"lazy\" decoding=\"async\" width=\"768\" height=\"1024\" src=\"https:\/\/www.yoga-nature.fr\/wp-content\/uploads\/2025\/03\/PHOTO-2025-02-01-10-55-01-1-768x1024.jpg\" alt=\"\" class=\"wp-image-712\" srcset=\"https:\/\/www.yoga-nature.fr\/wp-content\/uploads\/2025\/03\/PHOTO-2025-02-01-10-55-01-1-768x1024.jpg 768w, https:\/\/www.yoga-nature.fr\/wp-content\/uploads\/2025\/03\/PHOTO-2025-02-01-10-55-01-1-225x300.jpg 225w, https:\/\/www.yoga-nature.fr\/wp-content\/uploads\/2025\/03\/PHOTO-2025-02-01-10-55-01-1-1152x1536.jpg 1152w, https:\/\/www.yoga-nature.fr\/wp-content\/uploads\/2025\/03\/PHOTO-2025-02-01-10-55-01-1.jpg 1200w\" sizes=\"auto, (max-width: 768px) 100vw, 768px\" \/><figcaption class=\"wp-element-caption\">Pujad<\/figcaption><\/figure>\n\n\n\n<figure class=\"wp-block-image size-large\"><img loading=\"lazy\" decoding=\"async\" width=\"768\" height=\"1024\" src=\"https:\/\/www.yoga-nature.fr\/wp-content\/uploads\/2025\/03\/IMG_0499-1-768x1024.jpeg\" alt=\"\" class=\"wp-image-713\" srcset=\"https:\/\/www.yoga-nature.fr\/wp-content\/uploads\/2025\/03\/IMG_0499-1-768x1024.jpeg 768w, https:\/\/www.yoga-nature.fr\/wp-content\/uploads\/2025\/03\/IMG_0499-1-225x300.jpeg 225w, https:\/\/www.yoga-nature.fr\/wp-content\/uploads\/2025\/03\/IMG_0499-1-1152x1536.jpeg 1152w, https:\/\/www.yoga-nature.fr\/wp-content\/uploads\/2025\/03\/IMG_0499-1-1536x2048.jpeg 1536w, https:\/\/www.yoga-nature.fr\/wp-content\/uploads\/2025\/03\/IMG_0499-1-scaled.jpeg 1920w\" sizes=\"auto, (max-width: 768px) 100vw, 768px\" \/><figcaption class=\"wp-element-caption\">Au fil de l&rsquo;eau le voyage continu<\/figcaption><\/figure>\n\n\n\n<figure class=\"wp-block-image size-large\"><img loading=\"lazy\" decoding=\"async\" width=\"1024\" height=\"768\" src=\"https:\/\/www.yoga-nature.fr\/wp-content\/uploads\/2025\/03\/DSCF8264-1-1024x768.jpg\" alt=\"\" class=\"wp-image-714\" srcset=\"https:\/\/www.yoga-nature.fr\/wp-content\/uploads\/2025\/03\/DSCF8264-1-1024x768.jpg 1024w, https:\/\/www.yoga-nature.fr\/wp-content\/uploads\/2025\/03\/DSCF8264-1-300x225.jpg 300w, https:\/\/www.yoga-nature.fr\/wp-content\/uploads\/2025\/03\/DSCF8264-1-768x576.jpg 768w, https:\/\/www.yoga-nature.fr\/wp-content\/uploads\/2025\/03\/DSCF8264-1-1536x1152.jpg 1536w, https:\/\/www.yoga-nature.fr\/wp-content\/uploads\/2025\/03\/DSCF8264-1-2048x1536.jpg 2048w\" sizes=\"auto, (max-width: 1024px) 100vw, 1024px\" \/><\/figure>\n","protected":false},"excerpt":{"rendered":"<p class=\"excerpt\">La kumbh mela de f\u00e9vrier 2025 <a href=\"https:\/\/www.yoga-nature.fr\/index.php\/2025\/03\/01\/sejours-en-inde\/\">Read more &rarr;<\/a><\/p>\n","protected":false},"author":1,"featured_media":0,"comment_status":"closed","ping_status":"closed","sticky":false,"template":"","format":"standard","meta":{"footnotes":""},"categories":[1],"tags":[],"class_list":["post-707","post","type-post","status-publish","format-standard","hentry","category-non-classe","xfolkentry"],"_links":{"self":[{"href":"https:\/\/www.yoga-nature.fr\/index.php\/wp-json\/wp\/v2\/posts\/707","targetHints":{"allow":["GET"]}}],"collection":[{"href":"https:\/\/www.yoga-nature.fr\/index.php\/wp-json\/wp\/v2\/posts"}],"about":[{"href":"https:\/\/www.yoga-nature.fr\/index.php\/wp-json\/wp\/v2\/types\/post"}],"author":[{"embeddable":true,"href":"https:\/\/www.yoga-nature.fr\/index.php\/wp-json\/wp\/v2\/users\/1"}],"replies":[{"embeddable":true,"href":"https:\/\/www.yoga-nature.fr\/index.php\/wp-json\/wp\/v2\/comments?post=707"}],"version-history":[{"count":1,"href":"https:\/\/www.yoga-nature.fr\/index.php\/wp-json\/wp\/v2\/posts\/707\/revisions"}],"predecessor-version":[{"id":715,"href":"https:\/\/www.yoga-nature.fr\/index.php\/wp-json\/wp\/v2\/posts\/707\/revisions\/715"}],"wp:attachment":[{"href":"https:\/\/www.yoga-nature.fr\/index.php\/wp-json\/wp\/v2\/media?parent=707"}],"wp:term":[{"taxonomy":"category","embeddable":true,"href":"https:\/\/www.yoga-nature.fr\/index.php\/wp-json\/wp\/v2\/categories?post=707"},{"taxonomy":"post_tag","embeddable":true,"href":"https:\/\/www.yoga-nature.fr\/index.php\/wp-json\/wp\/v2\/tags?post=707"}],"curies":[{"name":"wp","href":"https:\/\/api.w.org\/{rel}","templated":true}]}}